{"id":727,"date":"2019-11-20T11:00:52","date_gmt":"2019-11-20T10:00:52","guid":{"rendered":"https:\/\/goodnewenergy.enagas.es\/uncategorized\/enagas-en-la-cop25\/"},"modified":"2024-09-23T14:44:49","modified_gmt":"2024-09-23T12:44:49","slug":"enagas-at-cop25","status":"publish","type":"post","link":"https:\/\/goodnewenergy.enagas.es\/en\/sustainable\/enagas-at-cop25\/","title":{"rendered":"Enag\u00e1s at COP25: Agenda"},"content":{"rendered":"\r\n<p>Over the next two weeks <strong>Madrid will become the world capital in the fight against climate change<\/strong>. More than 25,000 representatives from 200 countries will gather at IFEMA from 2-13 December for the Climate Summit (COP25) to reach agreements and commitments between nations on combating the effects of climate change.<\/p>\r\n<p>The <strong>fight against greenhouse gases<\/strong> is becoming a key challenge of the 21st century. COP25 will once again address one of the biggest challenges we face: energy.<\/p>\r\n<p>It is for this reason that <strong>Enag\u00e1s is actively participating as a climate actor at COP25<\/strong>, promoting renewable solutions for the decarbonisation of the non-electrical energy mix to help drive a transition towards a more <a href=\"https:\/\/goodnewenergy.enagas.es\/en\/sustainable\/carbon-neutrality\/\" target=\"_blank\" rel=\"noopener noreferrer\">sustainable<\/a> energy model.<\/p>\r\n\r\n<div class=\"eventoazul\">\r\n<h2 class=\"wp-block-heading\"><span class=\"resazul\">Monday 2 December &#8211; &#8220;Delivering Clean Transport&#8221;<\/span><\/h2>\r\n\r\n\r\n\r\n<div class=\"logocop25\"><img decoding=\"async\" src=\"https:\/\/goodnewenergy.enagas.es\/wp-content\/uploads\/2019\/12\/COP25-transparente-1.jpg\" \/><\/div>\r\n<p><span class=\"resazul\">Location:<\/span> Korean Pavilion IFEMA (15:00) &#8211; <a href=\"https:\/\/www.miteco.gob.es\/es\/cop25\/zona-azul\/\" target=\"_blank\" rel=\"noopener noreferrer\">Blue Zone<\/a>\u00a0<br \/><span class=\"resazul\">Speaker:<\/span> Claudio Rodr\u00edguez, Infrastructure General Manager at Enag\u00e1s<br \/><span class=\"resazul\">Organised by:<\/span> IGU<\/p>\r\n<p>\r\n\r\n<\/p>\r\n<p>The transition to more sustainable fuels in the transport sector is essential for moving towards responsible and clean mobility. In this context, liquefied natural gas (LNG) is the best alternative for transport decarbonisation, especially rail and sea transport. Spain has the conditions to position itself as a world benchmark in LNG bunkering, as it is the first country to offer maritime LNG refuelling from its main ports.<\/p>\r\n<p><\/p>\r\n<\/div>\r\n<div class=\"eventoazul\">\r\n<h2 class=\"wp-block-heading\"><span class=\"resazul\">Wednesday 4 December &#8211; &#8220;Innovative technologies in key decarbonisation sectors. The role of industry&#8221;<\/span><\/h2>\r\n\r\n\r\n\r\n<div class=\"logocop25\"><img decoding=\"async\" src=\"https:\/\/goodnewenergy.enagas.es\/wp-content\/uploads\/2019\/12\/COP25-transparente-1.jpg\" \/><\/div>\r\n<p><span class=\"resazul\">Location:<\/span> Spanish Pavilion IFEMA (13:30) &#8211; <a href=\"https:\/\/www.miteco.gob.es\/es\/cop25\/zona-azul\/\" target=\"_blank\" rel=\"noopener noreferrer\">Blue Zone<\/a> <br \/><span class=\"resazul\">Speaker:<\/span> Marcelino Oreja, Chief Executive Officer at Enag\u00e1s\u00a0<br \/><span class=\"resazul\">Organised by:<\/span> Ministry of Industry, Trade and Tourism<\/p>\r\n<p>\r\n\r\n<\/p>\r\n<p>Sustainable industry can protect communities, key ecosystems and the climate worldwide from increased environmental risks and the scarcity of natural resources. This session, moderated by the former Vice President and Minister Elena Salgado and with a contribution from Reyes Maroto, acting Minister of Industry, Trade and Tourism will involve discussion about how the most sustainable models can have positive effects on people, businesses, the environment and the climate.<\/p>\r\n<p><\/p>\r\n<\/div>\r\n<div class=\"eventoverde\">\r\n<h2 class=\"wp-block-heading\">Thursday 5 December &#8211; Gas, biomethane and hydrogen solutions for sustainable mobility<\/h2>\r\n\r\n\r\n\r\n<div class=\"logocop25\"><img decoding=\"async\" src=\"https:\/\/goodnewenergy.enagas.es\/wp-content\/uploads\/2019\/12\/COP25-transparente-1.jpg\" \/><\/div>\r\n<p><span class=\"resverde\">Location<\/span>: Paseo de la Castellana 160 (Ministry, Room A) (15:00) &#8211; <a href=\"https:\/\/gasnam.es\/gasnam-participa-cop25\/\" target=\"_blank\" rel=\"noopener noreferrer\">Green Castellana<\/a> <br \/><span class=\"resverde\">Speaker<\/span>: Fernando Impuesto, General Manager of Enag\u00e1s Emprende\u00a0<br \/><span class=\"resverde\">Organised by<\/span>: GASNAM and Ministry of Industry, Trade and Tourism<\/p>\r\n<p>\r\n\r\n<\/p>\r\n<p>Natural gas, biomethane and hydrogen are three energy carriers that are essential in achieving sustainable mobility goals. This session, with contributions from Reyes Maroto, acting Minister of Industry, Trade and Tourism and other leading players in the industrial and energy sector, will analyse the present and future of mobility and will present the alternatives already available to us, through natural gas and renewable gases, for the decarbonisation of land, rail and maritime transport in the medium and long term.<\/p>\r\n<p><\/p>\r\n<\/div>\r\n<div class=\"eventoverde\">\r\n<h2 class=\"wp-block-heading\">Saturday 7 December &#8211; Renewable gases for energy transition and future<\/h2>\r\n\r\n\r\n\r\n<div class=\"logoverde\"><img decoding=\"async\" src=\"https:\/\/goodnewenergy.enagas.es\/wp-content\/uploads\/2019\/12\/LogoZonaVerde.png\" \/><\/div>\r\n<p><span class=\"resverde\">Location:<\/span> Dialogue Space Area (16:15) &#8211; <a href=\"http:\/\/agendaverde.cop25.cl\/eventos\/gas-renovable-vector-de-transformacion-y-de-futuro-renewable-gases-for-energy-transition-and-future\" target=\"_blank\" rel=\"noopener noreferrer\">IFEMA Green Zone<\/a>\u00a0<br \/><span class=\"resverde\">Speaker:<\/span> Antonio G\u00f3mez, coordinator of the Innovation and Renewable Gases Area of Enag\u00e1s<br \/><span class=\"resverde\">Organised by:<\/span> Sedigas<\/p>\r\n<p>\r\n\r\n<\/p>\r\n<p>Renewable gases will enable an efficient, safe and full ecological transition based on achieving a zero-emissions scenario and combating climate change. They have many uses: electricity generation, storage of electrical surpluses, fuel to cover energy demand in industrial processes and for land, rail and sea transport. These sustainable gases will therefore make it possible to maximise the development of renewable power and to strengthen the circular economy.<\/p>\r\n<p><\/p>\r\n<\/div>\r\n<div class=\"eventoverde\">\r\n<h2 class=\"wp-block-heading\">Tuesday 10 December &#8211; &#8220;The role of renewable hydrogen in the decarbonisation process&#8221;<\/h2>\r\n\r\n\r\n\r\n<div class=\"logoverde\"><img decoding=\"async\" src=\"https:\/\/goodnewenergy.enagas.es\/wp-content\/uploads\/2019\/12\/LogoZonaVerde.png\" \/><\/div>\r\n<p><span class=\"resverde\">Location:<\/span> Sectoral and innovation action forum (15:15 to 16:00) &#8211; <a href=\"https:\/\/agendaverde.cop25.cl\/eventos\/el-papel-del-hidrogeno-renovable-en-el-proceso-de-descarbonizacion-the-rol-of-the-renewable-hydrogen-in-the-descarbonization-process\" target=\"_blank\" rel=\"noopener noreferrer\">Green zone<\/a> <br \/><span class=\"resverde\">Speaker:<\/span> Jes\u00fas Gil, Director of Innovation and New Energies at Enag\u00e1s; Jorgo Chatzimarkakis, Secretary General of Hydrogen Europe; Raquel Alonso Blanco, Technical Advisor of the MC of Industrial Sector Policies of the DG of Industry and SMEs of the Ministry of Industry, Trade and Tourism; Hugo Lucas Porta, Head of the Department of Regulatory Framework and Corporate Strategy for the Energy Transition, Directorate General IDAE (Institute for Energy Diversification and Saving); and Guillermo Figueruelo, Head of New Projects of the Hydrogen Foundation of Aragon<br \/><span class=\"resverde\">Organised by:<\/span> Enag\u00e1s<\/p>\r\n<p>\r\n\r\n<\/p>\r\n<p>This round table, organised by Enag\u00e1s, will discuss the role of renewable hydrogen, also known as green hydrogen, in the current energy transition and decarbonisation process. Green hydrogen offers a technological opportunity and Spain is in a privileged position given its capacity for large-scale production of this energy source. Green hydrogen acts as an energy carrier for the storage of renewable energy and as a fuel for the decarbonisation of sectors that are not easily electrified today, such as industry and heavy transport.<\/p>\r\n<p><\/p>\r\n<\/div>\r\n<div class=\"eventoverde\">\r\n<h2 class=\"wp-block-heading\">Friday 13 December &#8211; The road to sustainability in business: how companies are contributing to the SDGs<\/h2>\r\n\r\n\r\n\r\n<div class=\"logoverde\"><img decoding=\"async\" src=\"https:\/\/goodnewenergy.enagas.es\/wp-content\/uploads\/2019\/12\/LogoZonaVerde.png\" \/><\/div>\r\n<p><span class=\"resverde\">Location:<\/span> Dialogue Space Area (16:00) &#8211; <a href=\"http:\/\/agendaverde.cop25.cl\/eventos\/camino-a-la-sostenibilidad-en-los-negocios-como-las-empresas-estan-contribuyendo-a-los-ods-the-road-to-sustainable-business-how-companies-are-helping-achieve-the-sdgs\" target=\"_blank\" rel=\"noopener noreferrer\">IFEMA Green Zone<\/a><br \/><span class=\"resverde\">Speaker:<\/span> Mar\u00eda Sicilia Salvadores, Director of Strategy at Enag\u00e1s<br \/><span class=\"resverde\">Organised by:<\/span> Center for the Governance of Change (IE University)<\/p>\r\n<p>\r\n\r\n<\/p>\r\n<p>The contribution of the private sector to the energy transition and the decarbonisation of the economy is the main topic of debate at this event, in which experts from different sectors &#8211; including the energy sector &#8211; will analyse how companies can promote, through their activity and commitment to sustainability, compliance with the Sustainable Development Goals (SDGs) and Agenda 2030, set by the United Nations.<\/p>\r\n<p><\/p>\r\n<\/div>","protected":false},"excerpt":{"rendered":"<p>During the next two weeks Madrid will become the world capital of the fight against climate change.<\/p>\n","protected":false},"author":7,"featured_media":503,"comment_status":"open","ping_status":"open","sticky":false,"template":"","format":"standard","meta":{"_acf_changed":false,"footnotes":""},"categories":[19],"tags":[78,113,72],"class_list":["post-727","post","type-post","status-publish","format-standard","has-post-thumbnail","hentry","category-sustainable","tag-decarbonization","tag-environment","tag-sustainability"],"acf":[],"yoast_head":"<!-- This site is optimized with the Yoast SEO plugin v27.0 - https:\/\/yoast.com\/product\/yoast-seo-wordpress\/ -->\n<title>Enag\u00e1s at COP25: Agenda - Good New Energy<\/title>\n<meta name=\"description\" content=\"More than 25,000 representatives from 200 countries will gather at IFEMA from 2-13 December for the Climate Summit (COP25) to reach agreements.\" \/>\n<meta name=\"robots\" content=\"index, follow, max-snippet:-1, max-image-preview:large, max-video-preview:-1\" \/>\n<link rel=\"canonical\" href=\"https:\/\/goodnewenergy.enagas.es\/sostenibles\/enagas-en-la-cop25\/\" \/>\n<meta property=\"og:locale\" content=\"en_US\" \/>\n<meta property=\"og:type\" content=\"article\" \/>\n<meta property=\"og:title\" content=\"Enag\u00e1s at COP25: Agenda - Good New Energy\" \/>\n<meta property=\"og:description\" content=\"More than 25,000 representatives from 200 countries will gather at IFEMA from 2-13 December for the Climate Summit (COP25) to reach agreements.\" \/>\n<meta property=\"og:url\" content=\"https:\/\/goodnewenergy.enagas.es\/sostenibles\/enagas-en-la-cop25\/\" \/>\n<meta property=\"og:site_name\" content=\"Good New Energy\" \/>\n<meta property=\"article:publisher\" content=\"https:\/\/www.facebook.com\/EnagasOficial\/\" \/>\n<meta property=\"article:published_time\" content=\"2019-11-20T10:00:52+00:00\" \/>\n<meta property=\"article:modified_time\" content=\"2024-09-23T12:44:49+00:00\" \/>\n<meta property=\"og:image\" content=\"https:\/\/goodnewenergy.enagas.es\/wp-content\/uploads\/2019\/12\/iStock-537258116.png\" \/>\n\t<meta property=\"og:image:width\" content=\"4823\" \/>\n\t<meta property=\"og:image:height\" content=\"2594\" \/>\n\t<meta property=\"og:image:type\" content=\"image\/png\" \/>\n<meta name=\"author\" content=\"fgarciad\" \/>\n<meta name=\"twitter:card\" content=\"summary_large_image\" \/>\n<meta name=\"twitter:image\" content=\"https:\/\/goodnewenergy.enagas.es\/wp-content\/uploads\/2019\/11\/COP25.png\" \/>\n<meta name=\"twitter:creator\" content=\"@enagas\" \/>\n<meta name=\"twitter:site\" content=\"@enagas\" \/>\n<meta name=\"twitter:label1\" content=\"Written by\" \/>\n\t<meta name=\"twitter:data1\" content=\"fgarciad\" \/>\n\t<meta name=\"twitter:label2\" content=\"Est. reading time\" \/>\n\t<meta name=\"twitter:data2\" content=\"6 minutes\" \/>\n<script type=\"application\/ld+json\" class=\"yoast-schema-graph\">{\"@context\":\"https:\/\/schema.org\",\"@graph\":[{\"@type\":\"Article\",\"@id\":\"https:\/\/goodnewenergy.enagas.es\/sostenibles\/enagas-en-la-cop25\/#article\",\"isPartOf\":{\"@id\":\"https:\/\/goodnewenergy.enagas.es\/sostenibles\/enagas-en-la-cop25\/\"},\"author\":{\"name\":\"fgarciad\",\"@id\":\"https:\/\/gne-pro-beanstalk-php82.eba-ipbtvvrp.eu-west-1.elasticbeanstalk.com\/#\/schema\/person\/828644c65ae65e14f5e7451fb7754783\"},\"headline\":\"Enag\u00e1s at COP25: Agenda\",\"datePublished\":\"2019-11-20T10:00:52+00:00\",\"dateModified\":\"2024-09-23T12:44:49+00:00\",\"mainEntityOfPage\":{\"@id\":\"https:\/\/goodnewenergy.enagas.es\/sostenibles\/enagas-en-la-cop25\/\"},\"wordCount\":845,\"commentCount\":0,\"publisher\":{\"@id\":\"https:\/\/gne-pro-beanstalk-php82.eba-ipbtvvrp.eu-west-1.elasticbeanstalk.com\/#organization\"},\"image\":{\"@id\":\"https:\/\/goodnewenergy.enagas.es\/sostenibles\/enagas-en-la-cop25\/#primaryimage\"},\"thumbnailUrl\":\"https:\/\/goodnewenergy.enagas.es\/wp-content\/uploads\/2019\/12\/iStock-537258116.png\",\"keywords\":[\"decarbonization\",\"environment\",\"sustainability\"],\"articleSection\":[\"Sustainable\"],\"inLanguage\":\"en-US\",\"potentialAction\":[{\"@type\":\"CommentAction\",\"name\":\"Comment\",\"target\":[\"https:\/\/goodnewenergy.enagas.es\/sostenibles\/enagas-en-la-cop25\/#respond\"]}]},{\"@type\":\"WebPage\",\"@id\":\"https:\/\/goodnewenergy.enagas.es\/sostenibles\/enagas-en-la-cop25\/\",\"url\":\"https:\/\/goodnewenergy.enagas.es\/sostenibles\/enagas-en-la-cop25\/\",\"name\":\"Enag\u00e1s at COP25: Agenda - Good New Energy\",\"isPartOf\":{\"@id\":\"https:\/\/gne-pro-beanstalk-php82.eba-ipbtvvrp.eu-west-1.elasticbeanstalk.com\/#website\"},\"primaryImageOfPage\":{\"@id\":\"https:\/\/goodnewenergy.enagas.es\/sostenibles\/enagas-en-la-cop25\/#primaryimage\"},\"image\":{\"@id\":\"https:\/\/goodnewenergy.enagas.es\/sostenibles\/enagas-en-la-cop25\/#primaryimage\"},\"thumbnailUrl\":\"https:\/\/goodnewenergy.enagas.es\/wp-content\/uploads\/2019\/12\/iStock-537258116.png\",\"datePublished\":\"2019-11-20T10:00:52+00:00\",\"dateModified\":\"2024-09-23T12:44:49+00:00\",\"description\":\"More than 25,000 representatives from 200 countries will gather at IFEMA from 2-13 December for the Climate Summit (COP25) to reach agreements.\",\"breadcrumb\":{\"@id\":\"https:\/\/goodnewenergy.enagas.es\/sostenibles\/enagas-en-la-cop25\/#breadcrumb\"},\"inLanguage\":\"en-US\",\"potentialAction\":[{\"@type\":\"ReadAction\",\"target\":[\"https:\/\/goodnewenergy.enagas.es\/sostenibles\/enagas-en-la-cop25\/\"]}]},{\"@type\":\"ImageObject\",\"inLanguage\":\"en-US\",\"@id\":\"https:\/\/goodnewenergy.enagas.es\/sostenibles\/enagas-en-la-cop25\/#primaryimage\",\"url\":\"https:\/\/goodnewenergy.enagas.es\/wp-content\/uploads\/2019\/12\/iStock-537258116.png\",\"contentUrl\":\"https:\/\/goodnewenergy.enagas.es\/wp-content\/uploads\/2019\/12\/iStock-537258116.png\",\"width\":4823,\"height\":2594},{\"@type\":\"BreadcrumbList\",\"@id\":\"https:\/\/goodnewenergy.enagas.es\/sostenibles\/enagas-en-la-cop25\/#breadcrumb\",\"itemListElement\":[{\"@type\":\"ListItem\",\"position\":1,\"name\":\"Portada\",\"item\":\"https:\/\/goodnewenergy.enagas.es\/en\/home\/\"},{\"@type\":\"ListItem\",\"position\":2,\"name\":\"Enag\u00e1s at COP25: Agenda\"}]},{\"@type\":\"WebSite\",\"@id\":\"https:\/\/gne-pro-beanstalk-php82.eba-ipbtvvrp.eu-west-1.elasticbeanstalk.com\/#website\",\"url\":\"https:\/\/gne-pro-beanstalk-php82.eba-ipbtvvrp.eu-west-1.elasticbeanstalk.com\/\",\"name\":\"Good New Energy\",\"description\":\"Enag\u00e1s es l\u00edder internacional en infraestructuras de gas natural con presencia en 7 pa\u00edses y Transmission System Operator (TSO) europeo. La compa\u00f1\u00eda tiene m\u00e1s de 45 a\u00f1os de experiencia en el sector y es el operador del Sistema Gasista espa\u00f1ol.\",\"publisher\":{\"@id\":\"https:\/\/gne-pro-beanstalk-php82.eba-ipbtvvrp.eu-west-1.elasticbeanstalk.com\/#organization\"},\"potentialAction\":[{\"@type\":\"SearchAction\",\"target\":{\"@type\":\"EntryPoint\",\"urlTemplate\":\"https:\/\/gne-pro-beanstalk-php82.eba-ipbtvvrp.eu-west-1.elasticbeanstalk.com\/?s={search_term_string}\"},\"query-input\":{\"@type\":\"PropertyValueSpecification\",\"valueRequired\":true,\"valueName\":\"search_term_string\"}}],\"inLanguage\":\"en-US\"},{\"@type\":\"Organization\",\"@id\":\"https:\/\/gne-pro-beanstalk-php82.eba-ipbtvvrp.eu-west-1.elasticbeanstalk.com\/#organization\",\"name\":\"Enagas\",\"url\":\"https:\/\/gne-pro-beanstalk-php82.eba-ipbtvvrp.eu-west-1.elasticbeanstalk.com\/\",\"logo\":{\"@type\":\"ImageObject\",\"inLanguage\":\"en-US\",\"@id\":\"https:\/\/gne-pro-beanstalk-php82.eba-ipbtvvrp.eu-west-1.elasticbeanstalk.com\/#\/schema\/logo\/image\/\",\"url\":\"https:\/\/goodnewenergy.enagas.es\/wp-content\/uploads\/2025\/12\/logo.png\",\"contentUrl\":\"https:\/\/goodnewenergy.enagas.es\/wp-content\/uploads\/2025\/12\/logo.png\",\"width\":260,\"height\":47,\"caption\":\"Enagas\"},\"image\":{\"@id\":\"https:\/\/gne-pro-beanstalk-php82.eba-ipbtvvrp.eu-west-1.elasticbeanstalk.com\/#\/schema\/logo\/image\/\"},\"sameAs\":[\"https:\/\/www.facebook.com\/EnagasOficial\/\",\"https:\/\/x.com\/enagas\",\"https:\/\/www.linkedin.com\/company\/enagas\/\",\"https:\/\/www.instagram.com\/enagasoficial\/\"]},{\"@type\":\"Person\",\"@id\":\"https:\/\/gne-pro-beanstalk-php82.eba-ipbtvvrp.eu-west-1.elasticbeanstalk.com\/#\/schema\/person\/828644c65ae65e14f5e7451fb7754783\",\"name\":\"fgarciad\",\"image\":{\"@type\":\"ImageObject\",\"inLanguage\":\"en-US\",\"@id\":\"https:\/\/gne-pro-beanstalk-php82.eba-ipbtvvrp.eu-west-1.elasticbeanstalk.com\/#\/schema\/person\/image\/\",\"url\":\"https:\/\/secure.gravatar.com\/avatar\/0e96e4e6573f78b082b3f06e7848dc840c3abd7ce044610e79411f3176b3795d?s=96&d=mm&r=g\",\"contentUrl\":\"https:\/\/secure.gravatar.com\/avatar\/0e96e4e6573f78b082b3f06e7848dc840c3abd7ce044610e79411f3176b3795d?s=96&d=mm&r=g\",\"caption\":\"fgarciad\"}}]}<\/script>\n<!-- \/ Yoast SEO plugin. -->","yoast_head_json":{"title":"Enag\u00e1s at COP25: Agenda - Good New Energy","description":"More than 25,000 representatives from 200 countries will gather at IFEMA from 2-13 December for the Climate Summit (COP25) to reach agreements.","robots":{"index":"index","follow":"follow","max-snippet":"max-snippet:-1","max-image-preview":"max-image-preview:large","max-video-preview":"max-video-preview:-1"},"canonical":"https:\/\/goodnewenergy.enagas.es\/sostenibles\/enagas-en-la-cop25\/","og_locale":"en_US","og_type":"article","og_title":"Enag\u00e1s at COP25: Agenda - Good New Energy","og_description":"More than 25,000 representatives from 200 countries will gather at IFEMA from 2-13 December for the Climate Summit (COP25) to reach agreements.","og_url":"https:\/\/goodnewenergy.enagas.es\/sostenibles\/enagas-en-la-cop25\/","og_site_name":"Good New Energy","article_publisher":"https:\/\/www.facebook.com\/EnagasOficial\/","article_published_time":"2019-11-20T10:00:52+00:00","article_modified_time":"2024-09-23T12:44:49+00:00","og_image":[{"width":4823,"height":2594,"url":"https:\/\/goodnewenergy.enagas.es\/wp-content\/uploads\/2019\/12\/iStock-537258116.png","type":"image\/png"}],"author":"fgarciad","twitter_card":"summary_large_image","twitter_image":"https:\/\/goodnewenergy.enagas.es\/wp-content\/uploads\/2019\/11\/COP25.png","twitter_creator":"@enagas","twitter_site":"@enagas","twitter_misc":{"Written by":"fgarciad","Est. reading time":"6 minutes"},"schema":{"@context":"https:\/\/schema.org","@graph":[{"@type":"Article","@id":"https:\/\/goodnewenergy.enagas.es\/sostenibles\/enagas-en-la-cop25\/#article","isPartOf":{"@id":"https:\/\/goodnewenergy.enagas.es\/sostenibles\/enagas-en-la-cop25\/"},"author":{"name":"fgarciad","@id":"https:\/\/gne-pro-beanstalk-php82.eba-ipbtvvrp.eu-west-1.elasticbeanstalk.com\/#\/schema\/person\/828644c65ae65e14f5e7451fb7754783"},"headline":"Enag\u00e1s at COP25: Agenda","datePublished":"2019-11-20T10:00:52+00:00","dateModified":"2024-09-23T12:44:49+00:00","mainEntityOfPage":{"@id":"https:\/\/goodnewenergy.enagas.es\/sostenibles\/enagas-en-la-cop25\/"},"wordCount":845,"commentCount":0,"publisher":{"@id":"https:\/\/gne-pro-beanstalk-php82.eba-ipbtvvrp.eu-west-1.elasticbeanstalk.com\/#organization"},"image":{"@id":"https:\/\/goodnewenergy.enagas.es\/sostenibles\/enagas-en-la-cop25\/#primaryimage"},"thumbnailUrl":"https:\/\/goodnewenergy.enagas.es\/wp-content\/uploads\/2019\/12\/iStock-537258116.png","keywords":["decarbonization","environment","sustainability"],"articleSection":["Sustainable"],"inLanguage":"en-US","potentialAction":[{"@type":"CommentAction","name":"Comment","target":["https:\/\/goodnewenergy.enagas.es\/sostenibles\/enagas-en-la-cop25\/#respond"]}]},{"@type":"WebPage","@id":"https:\/\/goodnewenergy.enagas.es\/sostenibles\/enagas-en-la-cop25\/","url":"https:\/\/goodnewenergy.enagas.es\/sostenibles\/enagas-en-la-cop25\/","name":"Enag\u00e1s at COP25: Agenda - Good New Energy","isPartOf":{"@id":"https:\/\/gne-pro-beanstalk-php82.eba-ipbtvvrp.eu-west-1.elasticbeanstalk.com\/#website"},"primaryImageOfPage":{"@id":"https:\/\/goodnewenergy.enagas.es\/sostenibles\/enagas-en-la-cop25\/#primaryimage"},"image":{"@id":"https:\/\/goodnewenergy.enagas.es\/sostenibles\/enagas-en-la-cop25\/#primaryimage"},"thumbnailUrl":"https:\/\/goodnewenergy.enagas.es\/wp-content\/uploads\/2019\/12\/iStock-537258116.png","datePublished":"2019-11-20T10:00:52+00:00","dateModified":"2024-09-23T12:44:49+00:00","description":"More than 25,000 representatives from 200 countries will gather at IFEMA from 2-13 December for the Climate Summit (COP25) to reach agreements.","breadcrumb":{"@id":"https:\/\/goodnewenergy.enagas.es\/sostenibles\/enagas-en-la-cop25\/#breadcrumb"},"inLanguage":"en-US","potentialAction":[{"@type":"ReadAction","target":["https:\/\/goodnewenergy.enagas.es\/sostenibles\/enagas-en-la-cop25\/"]}]},{"@type":"ImageObject","inLanguage":"en-US","@id":"https:\/\/goodnewenergy.enagas.es\/sostenibles\/enagas-en-la-cop25\/#primaryimage","url":"https:\/\/goodnewenergy.enagas.es\/wp-content\/uploads\/2019\/12\/iStock-537258116.png","contentUrl":"https:\/\/goodnewenergy.enagas.es\/wp-content\/uploads\/2019\/12\/iStock-537258116.png","width":4823,"height":2594},{"@type":"BreadcrumbList","@id":"https:\/\/goodnewenergy.enagas.es\/sostenibles\/enagas-en-la-cop25\/#breadcrumb","itemListElement":[{"@type":"ListItem","position":1,"name":"Portada","item":"https:\/\/goodnewenergy.enagas.es\/en\/home\/"},{"@type":"ListItem","position":2,"name":"Enag\u00e1s at COP25: Agenda"}]},{"@type":"WebSite","@id":"https:\/\/gne-pro-beanstalk-php82.eba-ipbtvvrp.eu-west-1.elasticbeanstalk.com\/#website","url":"https:\/\/gne-pro-beanstalk-php82.eba-ipbtvvrp.eu-west-1.elasticbeanstalk.com\/","name":"Good New Energy","description":"Enag\u00e1s es l\u00edder internacional en infraestructuras de gas natural con presencia en 7 pa\u00edses y Transmission System Operator (TSO) europeo. La compa\u00f1\u00eda tiene m\u00e1s de 45 a\u00f1os de experiencia en el sector y es el operador del Sistema Gasista espa\u00f1ol.","publisher":{"@id":"https:\/\/gne-pro-beanstalk-php82.eba-ipbtvvrp.eu-west-1.elasticbeanstalk.com\/#organization"},"potentialAction":[{"@type":"SearchAction","target":{"@type":"EntryPoint","urlTemplate":"https:\/\/gne-pro-beanstalk-php82.eba-ipbtvvrp.eu-west-1.elasticbeanstalk.com\/?s={search_term_string}"},"query-input":{"@type":"PropertyValueSpecification","valueRequired":true,"valueName":"search_term_string"}}],"inLanguage":"en-US"},{"@type":"Organization","@id":"https:\/\/gne-pro-beanstalk-php82.eba-ipbtvvrp.eu-west-1.elasticbeanstalk.com\/#organization","name":"Enagas","url":"https:\/\/gne-pro-beanstalk-php82.eba-ipbtvvrp.eu-west-1.elasticbeanstalk.com\/","logo":{"@type":"ImageObject","inLanguage":"en-US","@id":"https:\/\/gne-pro-beanstalk-php82.eba-ipbtvvrp.eu-west-1.elasticbeanstalk.com\/#\/schema\/logo\/image\/","url":"https:\/\/goodnewenergy.enagas.es\/wp-content\/uploads\/2025\/12\/logo.png","contentUrl":"https:\/\/goodnewenergy.enagas.es\/wp-content\/uploads\/2025\/12\/logo.png","width":260,"height":47,"caption":"Enagas"},"image":{"@id":"https:\/\/gne-pro-beanstalk-php82.eba-ipbtvvrp.eu-west-1.elasticbeanstalk.com\/#\/schema\/logo\/image\/"},"sameAs":["https:\/\/www.facebook.com\/EnagasOficial\/","https:\/\/x.com\/enagas","https:\/\/www.linkedin.com\/company\/enagas\/","https:\/\/www.instagram.com\/enagasoficial\/"]},{"@type":"Person","@id":"https:\/\/gne-pro-beanstalk-php82.eba-ipbtvvrp.eu-west-1.elasticbeanstalk.com\/#\/schema\/person\/828644c65ae65e14f5e7451fb7754783","name":"fgarciad","image":{"@type":"ImageObject","inLanguage":"en-US","@id":"https:\/\/gne-pro-beanstalk-php82.eba-ipbtvvrp.eu-west-1.elasticbeanstalk.com\/#\/schema\/person\/image\/","url":"https:\/\/secure.gravatar.com\/avatar\/0e96e4e6573f78b082b3f06e7848dc840c3abd7ce044610e79411f3176b3795d?s=96&d=mm&r=g","contentUrl":"https:\/\/secure.gravatar.com\/avatar\/0e96e4e6573f78b082b3f06e7848dc840c3abd7ce044610e79411f3176b3795d?s=96&d=mm&r=g","caption":"fgarciad"}}]}},"_links":{"self":[{"href":"https:\/\/goodnewenergy.enagas.es\/en\/wp-json\/wp\/v2\/posts\/727","targetHints":{"allow":["GET"]}}],"collection":[{"href":"https:\/\/goodnewenergy.enagas.es\/en\/wp-json\/wp\/v2\/posts"}],"about":[{"href":"https:\/\/goodnewenergy.enagas.es\/en\/wp-json\/wp\/v2\/types\/post"}],"author":[{"embeddable":true,"href":"https:\/\/goodnewenergy.enagas.es\/en\/wp-json\/wp\/v2\/users\/7"}],"replies":[{"embeddable":true,"href":"https:\/\/goodnewenergy.enagas.es\/en\/wp-json\/wp\/v2\/comments?post=727"}],"version-history":[{"count":13,"href":"https:\/\/goodnewenergy.enagas.es\/en\/wp-json\/wp\/v2\/posts\/727\/revisions"}],"predecessor-version":[{"id":741,"href":"https:\/\/goodnewenergy.enagas.es\/en\/wp-json\/wp\/v2\/posts\/727\/revisions\/741"}],"wp:featuredmedia":[{"embeddable":true,"href":"https:\/\/goodnewenergy.enagas.es\/en\/wp-json\/wp\/v2\/media\/503"}],"wp:attachment":[{"href":"https:\/\/goodnewenergy.enagas.es\/en\/wp-json\/wp\/v2\/media?parent=727"}],"wp:term":[{"taxonomy":"category","embeddable":true,"href":"https:\/\/goodnewenergy.enagas.es\/en\/wp-json\/wp\/v2\/categories?post=727"},{"taxonomy":"post_tag","embeddable":true,"href":"https:\/\/goodnewenergy.enagas.es\/en\/wp-json\/wp\/v2\/tags?post=727"}],"curies":[{"name":"wp","href":"https:\/\/api.w.org\/{rel}","templated":true}]}}